{"id":768,"date":"2026-09-04T16:36:29","date_gmt":"2026-09-04T14:36:29","guid":{"rendered":"https:\/\/aikido-fontaine-38.fr\/?p=768"},"modified":"2026-09-04T16:36:30","modified_gmt":"2026-09-04T14:36:30","slug":"portes-ouvertes-septembre-2026","status":"publish","type":"post","link":"https:\/\/aikido-fontaine-38.fr\/index.php\/2026\/09\/04\/portes-ouvertes-septembre-2026\/","title":{"rendered":"Portes ouvertes &#8211; septembre 2026"},"content":{"rendered":"\n<p class=\"wp-block-paragraph\"><strong>La semaine portes ouvertes commence le mardi 8 septembre<\/strong> au club : venez d\u00e9couvrir gratuitement l&rsquo;a\u00efkido ! <strong>Pr\u00e9voir un jogging\/legging pour assister aux cours<\/strong> :<\/p>\n\n\n\n<p class=\"wp-block-paragraph\">Enfants : jeudi de 18h00 \u00e0 19h00<\/p>\n\n\n\n<p class=\"wp-block-paragraph\">Adultes :<\/p>\n\n\n\n<p class=\"wp-block-paragraph\">&#8211; mardi de 19h \u00e0 21h<\/p>\n\n\n\n<p class=\"wp-block-paragraph\">&#8211; jeudi de 19h15 \u00e0 21h<\/p>\n\n\n\n<p class=\"wp-block-paragraph\">&#8211; vendredi de 18h30 \u00e0 20h00<\/p>\n\n\n\n<p class=\"wp-block-paragraph\"><strong>N&rsquo;h\u00e9sitez pas \u00e0 venir nous rencontrer en amont \u00e0 l&rsquo;occasion du forum des associations qui se tiendra le samedi 5 septembre de 10h \u00e0 16h au parc de la Poya<\/strong>.<\/p>\n\n\n\n<p class=\"wp-block-paragraph\">\u00c0 bient\u00f4t \ud83d\ude42<\/p>\n","protected":false},"excerpt":{"rendered":"<p>La semaine portes ouvertes commence le mardi 8 septembre au club : venez d\u00e9couvrir gratuitement l&rsquo;a\u00efkido ! Pr\u00e9voir un jogging\/legging pour assister aux cours : Enfants : jeudi de 18h00 \u00e0 19h00 Adultes : &#8211; mardi de 19h \u00e0 21h &#8211; jeudi de 19h15 \u00e0 21h &#8211; vendredi de 18h30 \u00e0 20h00 N&rsquo;h\u00e9sitez pas \u00e0 &hellip; <\/p>\n<p class=\"link-more\"><a href=\"https:\/\/aikido-fontaine-38.fr\/index.php\/2026\/09\/04\/portes-ouvertes-septembre-2026\/\" class=\"more-link\">Continuer la lecture<span class=\"screen-reader-text\"> de &laquo;&nbsp;Portes ouvertes &#8211; septembre 2026&nbsp;&raquo;<\/span><\/a><\/p>\n","protected":false},"author":1,"featured_media":599,"comment_status":"closed","ping_status":"open","sticky":false,"template":"","format":"standard","meta":{"footnotes":""},"categories":[1],"tags":[],"class_list":["post-768","post","type-post","status-publish","format-standard","has-post-thumbnail","hentry","category-non-classe"],"_links":{"self":[{"href":"https:\/\/aikido-fontaine-38.fr\/index.php\/wp-json\/wp\/v2\/posts\/768","targetHints":{"allow":["GET"]}}],"collection":[{"href":"https:\/\/aikido-fontaine-38.fr\/index.php\/wp-json\/wp\/v2\/posts"}],"about":[{"href":"https:\/\/aikido-fontaine-38.fr\/index.php\/wp-json\/wp\/v2\/types\/post"}],"author":[{"embeddable":true,"href":"https:\/\/aikido-fontaine-38.fr\/index.php\/wp-json\/wp\/v2\/users\/1"}],"replies":[{"embeddable":true,"href":"https:\/\/aikido-fontaine-38.fr\/index.php\/wp-json\/wp\/v2\/comments?post=768"}],"version-history":[{"count":1,"href":"https:\/\/aikido-fontaine-38.fr\/index.php\/wp-json\/wp\/v2\/posts\/768\/revisions"}],"predecessor-version":[{"id":769,"href":"https:\/\/aikido-fontaine-38.fr\/index.php\/wp-json\/wp\/v2\/posts\/768\/revisions\/769"}],"wp:featuredmedia":[{"embeddable":true,"href":"https:\/\/aikido-fontaine-38.fr\/index.php\/wp-json\/wp\/v2\/media\/599"}],"wp:attachment":[{"href":"https:\/\/aikido-fontaine-38.fr\/index.php\/wp-json\/wp\/v2\/media?parent=768"}],"wp:term":[{"taxonomy":"category","embeddable":true,"href":"https:\/\/aikido-fontaine-38.fr\/index.php\/wp-json\/wp\/v2\/categories?post=768"},{"taxonomy":"post_tag","embeddable":true,"href":"https:\/\/aikido-fontaine-38.fr\/index.php\/wp-json\/wp\/v2\/tags?post=768"}],"curies":[{"name":"wp","href":"https:\/\/api.w.org\/{rel}","templated":true}]}}